{"id":4532,"date":"2026-04-25T09:51:00","date_gmt":"2026-04-25T07:51:00","guid":{"rendered":"https:\/\/bolnicaprijedor.com\/?p=4532"},"modified":"2026-04-25T09:51:01","modified_gmt":"2026-04-25T07:51:01","slug":"koza-pamti-svaki-trenutak-dr-dejan-elenkov-o-tome-zasto-je-prevencija-jedini-pravi-put-do-zdravlja","status":"publish","type":"post","link":"https:\/\/bolnicaprijedor.com\/?p=4532","title":{"rendered":"KO\u017dA PAMTI SVAKI TRENUTAK: Dr Dejan Elenkov o tome za\u0161to je prevencija jedini pravi put do zdravlja"},"content":{"rendered":"\n<p>Ko\u017ea pamti sve, a svoju pri\u010du pri\u010da javno. Dr Dejan Elenkov, ljekar koji je svjetsku karijeru zamijenio povratkom svojoj zajednici, otkriva kako da razumijete jezik svog najve\u0107eg organa. U svijetu gdje su srce i mozak nevidljivi, ko\u017ea je prva linija odbrane i posljednji alarm koji smijete ignorisati.<\/p>\n\n\n\n<h3 class=\"wp-block-heading\">Poziv koji se \u017eivi i van ordinacije<\/h3>\n\n\n\n<p><strong>Da li bi ovo ponovo bio Va\u0161 izbor i koliko Vi zapravo \u017eivite za posao kojim se bavite?<\/strong><\/p>\n\n\n\n<p>Da, bez dileme. Dermatovenerologija je specijalnost koja zahtijeva znanje, strpljenje i stalno u\u010denje, ali pru\u017ea veliko profesionalno i ljudsko zadovoljstvo. Ovaj posao se ne zavr\u0161ava izlaskom iz ordinacije \u2013 \u010desto razmi\u0161ljam o pacijentima i terapijama i van radnog vremena, jer ko\u017ea vrlo \u010desto odra\u017eava i op\u0161te zdravstveno i psihi\u010dko stanje \u010dovjeka.<\/p>\n\n\n\n<p><strong>Dolazite iz ljekarske porodice \u2013 da li je to uticalo na Va\u0161 izbor fakulteta?<\/strong><\/p>\n\n\n\n<p>Djelimi\u010dno jeste. Odrastanje u porodi\u010dnom okru\u017eenju pro\u017eetom medicinom nesumnjivo je oblikovalo moj odnos prema ovom pozivu, ali je sama odluka ipak bila li\u010dna. Klju\u010dni motivi bili su spoj nauke, direktnog rada s ljudima i mogu\u0107nost pru\u017eanja konkretne pomo\u0107i pojedincu.<\/p>\n\n\n\n<figure class=\"wp-block-image size-full is-resized\"><img loading=\"lazy\" decoding=\"async\" width=\"493\" height=\"370\" src=\"https:\/\/bolnicaprijedor.com\/wp-content\/uploads\/2026\/04\/dejan-elenkov.png\" alt=\"\" class=\"wp-image-4533\" style=\"width:450px;height:auto\" srcset=\"https:\/\/bolnicaprijedor.com\/wp-content\/uploads\/2026\/04\/dejan-elenkov.png 493w, https:\/\/bolnicaprijedor.com\/wp-content\/uploads\/2026\/04\/dejan-elenkov-300x225.png 300w\" sizes=\"auto, (max-width: 493px) 100vw, 493px\" \/><\/figure>\n\n\n\n<h3 class=\"wp-block-heading\">Dinamika svakodnevice i naj\u010de\u0161\u0107e dijagnoze<\/h3>\n\n\n\n<p><strong>Kako izgleda jedan Va\u0161 radni dan?<\/strong><\/p>\n\n\n\n<p>Radni dan je dinami\u010dan. Uklju\u010duje ambulantne preglede, dijagnostiku, pra\u0107enje hroni\u010dnih pacijenata, terapijske procedure i konsultacije. Nijedan dan nije isti, jer su i pacijenti i njihove tegobe razli\u010diti.<\/p>\n\n\n\n<p><strong>Sa kojim dijagnozama se naj\u010de\u0161\u0107e susre\u0107ete?<\/strong><\/p>\n\n\n\n<p>Naj\u010de\u0161\u0107e se susre\u0107em sa ekcemima, psorijazom, aknama, te alergijskim i infektivnim dermatozama. Sve \u010de\u0161\u0107e vi\u0111amo i simptome sistemskih bolesti na ko\u017ei, ali i porast malignih oboljenja poput bazocelularnog i skvamocelularnog karcinoma, kao i melanoma. Danas sam imao \u010dak tri pacijenta sa suspektnim mlade\u017eima; kod dva je melanom ve\u0107 dermoskopski potvr\u0111en, dok je kod tre\u0107eg zbog izra\u017eene sumnje potrebno hitno preventivno uklanjanje.<\/p>\n\n\n\n<h3 class=\"wp-block-heading\">Ogledalo zdravlja pod pritiskom modernog doba<\/h3>\n\n\n\n<p><strong>Da li je pove\u0107an broj pacijenata sa ko\u017enim problemima?<\/strong><\/p>\n\n\n\n<p>Stres, na\u010din \u017eivota, zaga\u0111enje, sun\u010devo zra\u010denje te nepravilna upotreba kozmeti\u010dkih i medicinskih preparata zna\u010dajno uti\u010du na porast ko\u017enih oboljenja. Ipak, ohrabruje \u010dinjenica da su pacijenti danas svjesniji i da se ranije javljaju ljekaru, \u0161to je od presudnog zna\u010daja za uspjeh lije\u010denja.<\/p>\n\n\n\n<p><strong>\u0160ta biste posebno istakli kada je rije\u010d o ko\u017enim bolestima?<\/strong><\/p>\n\n\n\n<p>Ko\u017ea je ogledalo zdravlja cijelog organizma. Promjene ne treba zanemarivati, niti se treba oslanjati na samolije\u010denje. Pravovremeni pregled \u010desto sprije\u010di dugotrajne i komplikovane terapije. <\/p>\n\n\n\n<p><strong>Da li su lije\u010denja u dermatovenerologiji dugotrajna i zahtijevaju ozbiljan pristup pacijenta?<\/strong><\/p>\n\n\n\n<p>U velikom broju slu\u010dajeva \u2013 da. Mnoga ko\u017ena oboljenja su hroni\u010dna i zahtijevaju strpljenje, disciplinu i dobru saradnju izme\u0111u ljekara i pacijenta. Terapija nije samo lijek, ve\u0107 i izmjena navika i na\u010dina \u017eivota.<\/p>\n\n\n\n<figure class=\"wp-block-image size-full is-resized\"><img loading=\"lazy\" decoding=\"async\" width=\"376\" height=\"238\" src=\"https:\/\/bolnicaprijedor.com\/wp-content\/uploads\/2026\/04\/dejan-elenkov2.png\" alt=\"\" class=\"wp-image-4534\" style=\"width:445px;height:auto\" srcset=\"https:\/\/bolnicaprijedor.com\/wp-content\/uploads\/2026\/04\/dejan-elenkov2.png 376w, https:\/\/bolnicaprijedor.com\/wp-content\/uploads\/2026\/04\/dejan-elenkov2-300x190.png 300w\" sizes=\"auto, (max-width: 376px) 100vw, 376px\" \/><\/figure>\n\n\n\n<h3 class=\"wp-block-heading\">Ljeto i ABCDE pravilo prevencije<\/h3>\n\n\n\n<p><strong>Pred nama je ljeto \u2013 koliko savjetujete gra\u0111anima pregled ko\u017ee i da li se to radi u ovda\u0161njoj bolnici?<\/strong><\/p>\n\n\n\n<p>Pregled ko\u017ee savjetujem svima barem jednom godi\u0161nje, a posebno osobama svijetle puti, onima sa velikim brojem mlade\u017ea, porodi\u010dnom anamnezom melanoma ili onima koji su se \u010desto i intenzivno izlagali suncu. Pregledi se redovno obavljaju i u na\u0161oj bolnici, gdje se uz klini\u010dki pregled vr\u0161i i dermoskopija, \u0161to omogu\u0107ava pravovremeno otkrivanje suspektnih promjena.<\/p>\n\n\n\n<p><strong>\u0160ta zna\u010di \u201esumnjiv\u201c mlade\u017e i kako ga pacijent mo\u017ee prepoznati?<\/strong><\/p>\n\n\n\n<p>Sumnjivim mlade\u017eom smatra se onaj koji mijenja veli\u010dinu, oblik ili boju, ima nepravilne ivice, sadr\u017ei vi\u0161e nijansi, krvari, svrbi ili naglo raste. Pacijenti se mogu rukovoditi takozvanim ABCDE pravilom, ali je klju\u010dno naglasiti da svaku promjenu treba pokazati dermatologu, jer rana dijagnoza zaista spa\u0161ava \u017eivot.<\/p>\n\n\n\n<p><strong>Kako se \u201epametno\u201c izlagati suncu?<\/strong><\/p>\n\n\n\n<p>Sunce nije neprijatelj, ali se ne smije zloupotrebljavati. Savjetuje se izbjegavanje izlaganja u periodu od 11 do 17 \u010dasova, kori\u0161tenje za\u0161titnih krema sa visokim za\u0161titnim faktorom (SPF), no\u0161enje \u0161e\u0161ira i lagane odje\u0107e, te redovno obnavljanje za\u0161tite. Posebnu pa\u017enju treba posvetiti djeci i osobama sa osjetljivom ko\u017eom.<\/p>\n\n\n\n<p><strong>Da li ko\u017ea zaista \u201epamti\u201c sve?<\/strong><\/p>\n\n\n\n<p>Da \u2013 ko\u017ea pamti svako pretjerano izlaganje suncu. O\u0161te\u0107enja se akumuliraju tokom \u017eivota i posljedice se \u010desto ne vide odmah, ve\u0107 tek nakon vi\u0161e godina, u vidu prijevremenog starenja ili malignih promjena. Upravo zato je prevencija klju\u010dna.<\/p>\n\n\n\n<h3 class=\"wp-block-heading\">Povratak korijenima i vrijednost znanja<\/h3>\n\n\n\n<p><strong>Koliko su za Vas bitni seminari i podr\u0161ka menad\u017ementa?<\/strong><\/p>\n\n\n\n<p>Kontinuirana edukacija je neophodna u medicini. Dermatologija se razvija velikom brzinom i bez stalnog usavr\u0161avanja nije mogu\u0107e pru\u017eiti savremenu i kvalitetnu zdravstvenu za\u0161titu. Podr\u0161ka menad\u017ementa u tom smislu je izuzetno va\u017ena, jer ulaganje u znanje ljekara direktno doprinosi boljoj brizi za pacijente.<\/p>\n\n\n\n<p><strong>Radili ste u inostranstvu, ali ste se odlu\u010dili za prijedorsku bolnicu. Za\u0161to?<\/strong><\/p>\n\n\n\n<p>Rad u inostranstvu pru\u017eio mi je dragocjeno profesionalno iskustvo i potvrdu da je znanje ste\u010deno kod nas potpuno ravnopravno i cijenjeno i van granica na\u0161e zemlje. Bio sam potreban i tamo, ali povratak je bio li\u010dna i svjesna odluka. Osje\u0107aj pripadnosti, bliskost sa pacijentima i mogu\u0107nost da svoje iskustvo primijenim u sredini iz koje poti\u010dem za mene imaju posebnu vrijednost. Smatram da znanje najvi\u0161e dobija na smislu kada se vra\u0107a zajednici iz koje je poteklo.<\/p>\n\n\n\n<p>Ko\u017ea pamti \u017eivot, a ljekar ima odgovornost da tu pri\u010du pro\u010dita na vrijeme\u201c.<\/p>\n","protected":false},"excerpt":{"rendered":"<p>Ko\u017ea pamti sve, a svoju pri\u010du pri\u010da javno. Dr Dejan Elenkov, ljekar koji je svjetsku karijeru zamijenio povratkom svojoj zajednici, otkriva kako da razumijete jezik svog najve\u0107eg organa. U svijetu gdje su srce i mozak nevidljivi, ko\u017ea je prva linija odbrane i posljednji alarm koji smijete ignorisati. Poziv koji se \u017eivi i van ordinacije Da<\/p>\n","protected":false},"author":1,"featured_media":4533,"comment_status":"closed","ping_status":"closed","sticky":false,"template":"","format":"standard","meta":{"footnotes":""},"categories":[48,47],"tags":[],"class_list":["post-4532","post","type-post","status-publish","format-standard","has-post-thumbnail","hentry","category-blog","category-ljekari"],"_links":{"self":[{"href":"https:\/\/bolnicaprijedor.com\/index.php?rest_route=\/wp\/v2\/posts\/4532","targetHints":{"allow":["GET"]}}],"collection":[{"href":"https:\/\/bolnicaprijedor.com\/index.php?rest_route=\/wp\/v2\/posts"}],"about":[{"href":"https:\/\/bolnicaprijedor.com\/index.php?rest_route=\/wp\/v2\/types\/post"}],"author":[{"embeddable":true,"href":"https:\/\/bolnicaprijedor.com\/index.php?rest_route=\/wp\/v2\/users\/1"}],"replies":[{"embeddable":true,"href":"https:\/\/bolnicaprijedor.com\/index.php?rest_route=%2Fwp%2Fv2%2Fcomments&post=4532"}],"version-history":[{"count":1,"href":"https:\/\/bolnicaprijedor.com\/index.php?rest_route=\/wp\/v2\/posts\/4532\/revisions"}],"predecessor-version":[{"id":4535,"href":"https:\/\/bolnicaprijedor.com\/index.php?rest_route=\/wp\/v2\/posts\/4532\/revisions\/4535"}],"wp:featuredmedia":[{"embeddable":true,"href":"https:\/\/bolnicaprijedor.com\/index.php?rest_route=\/wp\/v2\/media\/4533"}],"wp:attachment":[{"href":"https:\/\/bolnicaprijedor.com\/index.php?rest_route=%2Fwp%2Fv2%2Fmedia&parent=4532"}],"wp:term":[{"taxonomy":"category","embeddable":true,"href":"https:\/\/bolnicaprijedor.com\/index.php?rest_route=%2Fwp%2Fv2%2Fcategories&post=4532"},{"taxonomy":"post_tag","embeddable":true,"href":"https:\/\/bolnicaprijedor.com\/index.php?rest_route=%2Fwp%2Fv2%2Ftags&post=4532"}],"curies":[{"name":"wp","href":"https:\/\/api.w.org\/{rel}","templated":true}]}}